{"id":432,"date":"2018-07-31T18:00:16","date_gmt":"2018-07-31T16:00:16","guid":{"rendered":"https:\/\/kw-blogbd.fr\/?p=432"},"modified":"2020-04-28T22:30:07","modified_gmt":"2020-04-28T20:30:07","slug":"note05_affairebenalla","status":"publish","type":"post","link":"https:\/\/kw-blogbd.fr\/index.php\/2018\/07\/31\/note05_affairebenalla\/","title":{"rendered":"Note #05 &#8211; Affaire Benalla"},"content":{"rendered":"<p>[et_pb_section bb_built=\u00a0\u00bb1&Prime;][et_pb_row][et_pb_column type=\u00a0\u00bb4_4&Prime;][et_pb_text _builder_version=\u00a0\u00bb3.6&Prime;]<\/p>\r\n\r\n<p>Cliquez sur une illustration pour l&rsquo;agrandir. Pour naviguer, utilisez vos fl\u00e8ches gauche et droite ou cliquez \u00e0 l&rsquo;aide de votre souris sur l&rsquo;illustration pour passer \u00e0 la suivante.<\/p>\r\n\r\n\r\n\r\n<figure class=\"wp-block-gallery-1 is-layout-flex wp-block-gallery-is-layout-flex\"><\/figure>\r\n\r\n\r\n\r\n<p>[\/et_pb_text][et_pb_gallery _builder_version=\u00a0\u00bb3.6&Prime; gallery_ids=\u00a0\u00bb1026,1027,1028,1029&Prime; fullwidth=\u00a0\u00bbon\u00a0\u00bb zoom_icon_color=\u00a0\u00bb#2ea3f2&Prime; hover_overlay_color=\u00a0\u00bbrgba(255,255,255,0.9)\u00a0\u00bb max_width=\u00a0\u00bb80%\u00a0\u00bb module_alignment=\u00a0\u00bbcenter\u00a0\u00bb \/][et_pb_text _builder_version=\u00a0\u00bb3.6&Prime;]<\/p>\r\n\r\n<p><strong>ACTE V<\/strong> &#8211; Interview au JT de 20h de TF1<\/p>\r\n<p>\r\n\r\n<\/p>\r\n\r\n\r\n\r\n<figure class=\"wp-block-gallery-3 is-layout-flex wp-block-gallery-is-layout-flex\"><\/figure>\r\n\r\n\r\n\r\n<p>[\/et_pb_text][et_pb_gallery _builder_version=\u00a0\u00bb3.6&Prime; gallery_ids=\u00a0\u00bb1030,1031,1032,1033,1034&Prime; fullwidth=\u00a0\u00bbon\u00a0\u00bb zoom_icon_color=\u00a0\u00bb#2ea3f2&Prime; hover_overlay_color=\u00a0\u00bbrgba(255,255,255,0.9)\u00a0\u00bb max_width=\u00a0\u00bb80%\u00a0\u00bb module_alignment=\u00a0\u00bbcenter\u00a0\u00bb \/][\/et_pb_column][\/et_pb_row][\/et_pb_section]<\/p>","protected":false},"excerpt":{"rendered":"<p>Bienvenue en Macronie !<\/p>\n","protected":false},"author":1,"featured_media":441,"comment_status":"open","ping_status":"open","sticky":false,"template":"","format":"standard","meta":{"_et_pb_use_builder":"on","_et_pb_old_content":"<!-- wp:paragraph -->\r\n<p>Cliquez sur une illustration pour l'agrandir. Pour naviguer, utilisez vos fl\u00e8ches gauche et droite ou cliquez \u00e0 l'aide de votre souris sur l'illustration pour passer \u00e0 la suivante.<\/p>\r\n<!-- \/wp:paragraph --><!-- wp:gallery {\"ids\":[1026,1027,1028,1029],\"columns\":2,\"linkTo\":\"media\"} -->\r\n<ul class=\"wp-block-gallery columns-2 is-cropped\">\r\n<li class=\"blocks-gallery-item\">\r\n<figure><a href=\"https:\/\/kw-blogbd.fr\/wp-content\/uploads\/2019\/04\/AffaireBenalla_1_Optimis\u00e9Web.jpg\"><img class=\"wp-image-1026\" src=\"https:\/\/kw-blogbd.fr\/wp-content\/uploads\/2019\/04\/AffaireBenalla_1_Optimis\u00e9Web.jpg\" alt=\"Acte I : Hey Manu !\" data-id=\"1026\" data-link=\"https:\/\/kw-blogbd.fr\/affairebenalla_1_optimiseweb\/\" \/><\/a><\/figure>\r\n<\/li>\r\n<li class=\"blocks-gallery-item\">\r\n<figure><a href=\"https:\/\/kw-blogbd.fr\/wp-content\/uploads\/2019\/04\/AffaireBenalla_2_Optimis\u00e9Web.jpg\"><img class=\"wp-image-1027\" src=\"https:\/\/kw-blogbd.fr\/wp-content\/uploads\/2019\/04\/AffaireBenalla_2_Optimis\u00e9Web.jpg\" alt=\"Acte II : G\u00e9rard Collomb\" data-id=\"1027\" data-link=\"https:\/\/kw-blogbd.fr\/affairebenalla_2_optimiseweb\/\" \/><\/a><\/figure>\r\n<\/li>\r\n<li class=\"blocks-gallery-item\">\r\n<figure><a href=\"https:\/\/kw-blogbd.fr\/wp-content\/uploads\/2019\/04\/AffaireBenalla_3_Optimis\u00e9Web.jpg\"><img class=\"wp-image-1028\" src=\"https:\/\/kw-blogbd.fr\/wp-content\/uploads\/2019\/04\/AffaireBenalla_3_Optimis\u00e9Web.jpg\" alt=\"Acte III : Qu'ils viennent me chercher !\" data-id=\"1028\" data-link=\"https:\/\/kw-blogbd.fr\/affairebenalla_3_optimiseweb\/\" \/><\/a><\/figure>\r\n<\/li>\r\n<li class=\"blocks-gallery-item\">\r\n<figure><a href=\"https:\/\/kw-blogbd.fr\/wp-content\/uploads\/2019\/04\/AffaireBenalla_4_Optimis\u00e9Web.jpg\"><img class=\"wp-image-1029\" src=\"https:\/\/kw-blogbd.fr\/wp-content\/uploads\/2019\/04\/AffaireBenalla_4_Optimis\u00e9Web.jpg\" alt=\"Acte IV : Roi Macron\" data-id=\"1029\" data-link=\"https:\/\/kw-blogbd.fr\/affairebenalla_4_optimiseweb\/\" \/><\/a><\/figure>\r\n<\/li>\r\n<\/ul>\r\n<!-- \/wp:gallery --><!-- wp:paragraph -->\r\n<p><strong>ACTE V<\/strong> - Interview au JT de 20h de TF1<\/p>\r\n<!-- \/wp:paragraph --><!-- wp:gallery {\"ids\":[1030,1031,1032,1033,1034],\"columns\":3,\"linkTo\":\"media\"} -->\r\n<ul class=\"wp-block-gallery columns-3 is-cropped\">\r\n<li class=\"blocks-gallery-item\">\r\n<figure><a href=\"https:\/\/kw-blogbd.fr\/wp-content\/uploads\/2019\/04\/Strip_Case1.jpg\"><img class=\"wp-image-1030\" src=\"https:\/\/kw-blogbd.fr\/wp-content\/uploads\/2019\/04\/Strip_Case1.jpg\" alt=\"\" data-id=\"1030\" data-link=\"https:\/\/kw-blogbd.fr\/strip_case1\/\" \/><\/a><\/figure>\r\n<\/li>\r\n<li class=\"blocks-gallery-item\">\r\n<figure><a href=\"https:\/\/kw-blogbd.fr\/wp-content\/uploads\/2019\/04\/Strip_Case2.jpg\"><img class=\"wp-image-1031\" src=\"https:\/\/kw-blogbd.fr\/wp-content\/uploads\/2019\/04\/Strip_Case2.jpg\" alt=\"\" data-id=\"1031\" data-link=\"https:\/\/kw-blogbd.fr\/strip_case2\/\" \/><\/a><\/figure>\r\n<\/li>\r\n<li class=\"blocks-gallery-item\">\r\n<figure><a href=\"https:\/\/kw-blogbd.fr\/wp-content\/uploads\/2019\/04\/Strip_Case3.jpg\"><img class=\"wp-image-1032\" src=\"https:\/\/kw-blogbd.fr\/wp-content\/uploads\/2019\/04\/Strip_Case3.jpg\" alt=\"\" data-id=\"1032\" data-link=\"https:\/\/kw-blogbd.fr\/strip_case3\/\" \/><\/a><\/figure>\r\n<\/li>\r\n<li class=\"blocks-gallery-item\">\r\n<figure><a href=\"https:\/\/kw-blogbd.fr\/wp-content\/uploads\/2019\/04\/Strip_Case4.jpg\"><img class=\"wp-image-1033\" src=\"https:\/\/kw-blogbd.fr\/wp-content\/uploads\/2019\/04\/Strip_Case4.jpg\" alt=\"\" data-id=\"1033\" data-link=\"https:\/\/kw-blogbd.fr\/strip_case4\/\" \/><\/a><\/figure>\r\n<\/li>\r\n<li class=\"blocks-gallery-item\">\r\n<figure><a href=\"https:\/\/kw-blogbd.fr\/wp-content\/uploads\/2019\/04\/Strip_Case5.jpg\"><img class=\"wp-image-1034\" src=\"https:\/\/kw-blogbd.fr\/wp-content\/uploads\/2019\/04\/Strip_Case5.jpg\" alt=\"\" data-id=\"1034\" data-link=\"https:\/\/kw-blogbd.fr\/strip_case5\/\" \/><\/a><\/figure>\r\n<\/li>\r\n<\/ul>\r\n<!-- \/wp:gallery -->","_et_gb_content_width":"","jetpack_post_was_ever_published":false,"_jetpack_newsletter_access":"","_jetpack_dont_email_post_to_subs":false,"_jetpack_newsletter_tier_id":0,"_jetpack_memberships_contains_paywalled_content":false,"_jetpack_memberships_contains_paid_content":false,"footnotes":"","jetpack_publicize_message":"","jetpack_publicize_feature_enabled":true,"jetpack_social_post_already_shared":true,"jetpack_social_options":{"image_generator_settings":{"template":"highway","default_image_id":0,"font":"","enabled":false},"version":2}},"categories":[16],"tags":[96,97,99,95,94,98],"class_list":["post-432","post","type-post","status-publish","format-standard","has-post-thumbnail","hentry","category-notes","tag-affaire","tag-benalla","tag-gerard-collomb","tag-m-le-president","tag-macron","tag-tintin"],"yoast_head":"<!-- This site is optimized with the Yoast SEO plugin v27.4 - https:\/\/yoast.com\/product\/yoast-seo-wordpress\/ -->\n<title>Note #05 - Affaire Benalla - Le blog BD de K.W<\/title>\n<meta name=\"robots\" content=\"index, follow, max-snippet:-1, max-image-preview:large, max-video-preview:-1\" \/>\n<link rel=\"canonical\" href=\"https:\/\/kw-blogbd.fr\/index.php\/2018\/07\/31\/note05_affairebenalla\/\" \/>\n<meta property=\"og:locale\" content=\"fr_FR\" \/>\n<meta property=\"og:type\" content=\"article\" \/>\n<meta property=\"og:title\" content=\"Note #05 - Affaire Benalla - Le blog BD de K.W\" \/>\n<meta property=\"og:description\" content=\"Bienvenue en Macronie !\" \/>\n<meta property=\"og:url\" content=\"https:\/\/kw-blogbd.fr\/index.php\/2018\/07\/31\/note05_affairebenalla\/\" \/>\n<meta property=\"og:site_name\" content=\"Le blog BD de K.W\" \/>\n<meta property=\"article:published_time\" content=\"2018-07-31T16:00:16+00:00\" \/>\n<meta property=\"article:modified_time\" content=\"2020-04-28T20:30:07+00:00\" \/>\n<meta property=\"og:image\" content=\"https:\/\/kw-blogbd.fr\/wp-content\/uploads\/2018\/07\/Banni\u00e8re_PostNote5.jpg\" \/>\n\t<meta property=\"og:image:width\" content=\"1800\" \/>\n\t<meta property=\"og:image:height\" content=\"1200\" \/>\n\t<meta property=\"og:image:type\" content=\"image\/jpeg\" \/>\n<meta name=\"author\" content=\"K.W - Illustrateur\" \/>\n<meta name=\"twitter:card\" content=\"summary_large_image\" \/>\n<meta name=\"twitter:label1\" content=\"\u00c9crit par\" \/>\n\t<meta name=\"twitter:data1\" content=\"K.W - Illustrateur\" \/>\n\t<meta name=\"twitter:label2\" content=\"Dur\u00e9e de lecture estim\u00e9e\" \/>\n\t<meta name=\"twitter:data2\" content=\"1 minute\" \/>\n<script type=\"application\/ld+json\" class=\"yoast-schema-graph\">{\"@context\":\"https:\\\/\\\/schema.org\",\"@graph\":[{\"@type\":\"Article\",\"@id\":\"https:\\\/\\\/kw-blogbd.fr\\\/index.php\\\/2018\\\/07\\\/31\\\/note05_affairebenalla\\\/#article\",\"isPartOf\":{\"@id\":\"https:\\\/\\\/kw-blogbd.fr\\\/index.php\\\/2018\\\/07\\\/31\\\/note05_affairebenalla\\\/\"},\"author\":{\"name\":\"K.W - Illustrateur\",\"@id\":\"https:\\\/\\\/kw-blogbd.fr\\\/#\\\/schema\\\/person\\\/21d5be08540037bdffb5898aee64f416\"},\"headline\":\"Note #05 &#8211; Affaire Benalla\",\"datePublished\":\"2018-07-31T16:00:16+00:00\",\"dateModified\":\"2020-04-28T20:30:07+00:00\",\"mainEntityOfPage\":{\"@id\":\"https:\\\/\\\/kw-blogbd.fr\\\/index.php\\\/2018\\\/07\\\/31\\\/note05_affairebenalla\\\/\"},\"wordCount\":127,\"commentCount\":0,\"image\":{\"@id\":\"https:\\\/\\\/kw-blogbd.fr\\\/index.php\\\/2018\\\/07\\\/31\\\/note05_affairebenalla\\\/#primaryimage\"},\"thumbnailUrl\":\"https:\\\/\\\/kw-blogbd.fr\\\/wp-content\\\/uploads\\\/2018\\\/07\\\/Banni\u00e8re_PostNote5.jpg\",\"keywords\":[\"Affaire\",\"Benalla\",\"G\u00e9rard Collomb\",\"M le Pr\u00e9sident\",\"Macron\",\"Tintin\"],\"articleSection\":[\"Notes\"],\"inLanguage\":\"fr-FR\",\"potentialAction\":[{\"@type\":\"CommentAction\",\"name\":\"Comment\",\"target\":[\"https:\\\/\\\/kw-blogbd.fr\\\/index.php\\\/2018\\\/07\\\/31\\\/note05_affairebenalla\\\/#respond\"]}]},{\"@type\":\"WebPage\",\"@id\":\"https:\\\/\\\/kw-blogbd.fr\\\/index.php\\\/2018\\\/07\\\/31\\\/note05_affairebenalla\\\/\",\"url\":\"https:\\\/\\\/kw-blogbd.fr\\\/index.php\\\/2018\\\/07\\\/31\\\/note05_affairebenalla\\\/\",\"name\":\"Note #05 - Affaire Benalla - Le blog BD de K.W\",\"isPartOf\":{\"@id\":\"https:\\\/\\\/kw-blogbd.fr\\\/#website\"},\"primaryImageOfPage\":{\"@id\":\"https:\\\/\\\/kw-blogbd.fr\\\/index.php\\\/2018\\\/07\\\/31\\\/note05_affairebenalla\\\/#primaryimage\"},\"image\":{\"@id\":\"https:\\\/\\\/kw-blogbd.fr\\\/index.php\\\/2018\\\/07\\\/31\\\/note05_affairebenalla\\\/#primaryimage\"},\"thumbnailUrl\":\"https:\\\/\\\/kw-blogbd.fr\\\/wp-content\\\/uploads\\\/2018\\\/07\\\/Banni\u00e8re_PostNote5.jpg\",\"datePublished\":\"2018-07-31T16:00:16+00:00\",\"dateModified\":\"2020-04-28T20:30:07+00:00\",\"author\":{\"@id\":\"https:\\\/\\\/kw-blogbd.fr\\\/#\\\/schema\\\/person\\\/21d5be08540037bdffb5898aee64f416\"},\"breadcrumb\":{\"@id\":\"https:\\\/\\\/kw-blogbd.fr\\\/index.php\\\/2018\\\/07\\\/31\\\/note05_affairebenalla\\\/#breadcrumb\"},\"inLanguage\":\"fr-FR\",\"potentialAction\":[{\"@type\":\"ReadAction\",\"target\":[\"https:\\\/\\\/kw-blogbd.fr\\\/index.php\\\/2018\\\/07\\\/31\\\/note05_affairebenalla\\\/\"]}]},{\"@type\":\"ImageObject\",\"inLanguage\":\"fr-FR\",\"@id\":\"https:\\\/\\\/kw-blogbd.fr\\\/index.php\\\/2018\\\/07\\\/31\\\/note05_affairebenalla\\\/#primaryimage\",\"url\":\"https:\\\/\\\/kw-blogbd.fr\\\/wp-content\\\/uploads\\\/2018\\\/07\\\/Banni\u00e8re_PostNote5.jpg\",\"contentUrl\":\"https:\\\/\\\/kw-blogbd.fr\\\/wp-content\\\/uploads\\\/2018\\\/07\\\/Banni\u00e8re_PostNote5.jpg\",\"width\":1800,\"height\":1200},{\"@type\":\"BreadcrumbList\",\"@id\":\"https:\\\/\\\/kw-blogbd.fr\\\/index.php\\\/2018\\\/07\\\/31\\\/note05_affairebenalla\\\/#breadcrumb\",\"itemListElement\":[{\"@type\":\"ListItem\",\"position\":1,\"name\":\"Accueil\",\"item\":\"https:\\\/\\\/kw-blogbd.fr\\\/\"},{\"@type\":\"ListItem\",\"position\":2,\"name\":\"Note #05 &#8211; Affaire Benalla\"}]},{\"@type\":\"WebSite\",\"@id\":\"https:\\\/\\\/kw-blogbd.fr\\\/#website\",\"url\":\"https:\\\/\\\/kw-blogbd.fr\\\/\",\"name\":\"Le blog BD de K.W\",\"description\":\"On trouvera un slogan plus tard\",\"potentialAction\":[{\"@type\":\"SearchAction\",\"target\":{\"@type\":\"EntryPoint\",\"urlTemplate\":\"https:\\\/\\\/kw-blogbd.fr\\\/?s={search_term_string}\"},\"query-input\":{\"@type\":\"PropertyValueSpecification\",\"valueRequired\":true,\"valueName\":\"search_term_string\"}}],\"inLanguage\":\"fr-FR\"},{\"@type\":\"Person\",\"@id\":\"https:\\\/\\\/kw-blogbd.fr\\\/#\\\/schema\\\/person\\\/21d5be08540037bdffb5898aee64f416\",\"name\":\"K.W - Illustrateur\",\"image\":{\"@type\":\"ImageObject\",\"inLanguage\":\"fr-FR\",\"@id\":\"https:\\\/\\\/secure.gravatar.com\\\/avatar\\\/497b1284bc493823f46eacf474d4e3cce526a1382229b869adb80d7ddea4d51f?s=96&d=mm&r=g\",\"url\":\"https:\\\/\\\/secure.gravatar.com\\\/avatar\\\/497b1284bc493823f46eacf474d4e3cce526a1382229b869adb80d7ddea4d51f?s=96&d=mm&r=g\",\"contentUrl\":\"https:\\\/\\\/secure.gravatar.com\\\/avatar\\\/497b1284bc493823f46eacf474d4e3cce526a1382229b869adb80d7ddea4d51f?s=96&d=mm&r=g\",\"caption\":\"K.W - Illustrateur\"},\"url\":\"https:\\\/\\\/kw-blogbd.fr\\\/index.php\\\/author\\\/admin2682\\\/\"}]}<\/script>\n<!-- \/ Yoast SEO plugin. -->","yoast_head_json":{"title":"Note #05 - Affaire Benalla - Le blog BD de K.W","robots":{"index":"index","follow":"follow","max-snippet":"max-snippet:-1","max-image-preview":"max-image-preview:large","max-video-preview":"max-video-preview:-1"},"canonical":"https:\/\/kw-blogbd.fr\/index.php\/2018\/07\/31\/note05_affairebenalla\/","og_locale":"fr_FR","og_type":"article","og_title":"Note #05 - Affaire Benalla - Le blog BD de K.W","og_description":"Bienvenue en Macronie !","og_url":"https:\/\/kw-blogbd.fr\/index.php\/2018\/07\/31\/note05_affairebenalla\/","og_site_name":"Le blog BD de K.W","article_published_time":"2018-07-31T16:00:16+00:00","article_modified_time":"2020-04-28T20:30:07+00:00","og_image":[{"width":1800,"height":1200,"url":"https:\/\/kw-blogbd.fr\/wp-content\/uploads\/2018\/07\/Banni\u00e8re_PostNote5.jpg","type":"image\/jpeg"}],"author":"K.W - Illustrateur","twitter_card":"summary_large_image","twitter_misc":{"\u00c9crit par":"K.W - Illustrateur","Dur\u00e9e de lecture estim\u00e9e":"1 minute"},"schema":{"@context":"https:\/\/schema.org","@graph":[{"@type":"Article","@id":"https:\/\/kw-blogbd.fr\/index.php\/2018\/07\/31\/note05_affairebenalla\/#article","isPartOf":{"@id":"https:\/\/kw-blogbd.fr\/index.php\/2018\/07\/31\/note05_affairebenalla\/"},"author":{"name":"K.W - Illustrateur","@id":"https:\/\/kw-blogbd.fr\/#\/schema\/person\/21d5be08540037bdffb5898aee64f416"},"headline":"Note #05 &#8211; Affaire Benalla","datePublished":"2018-07-31T16:00:16+00:00","dateModified":"2020-04-28T20:30:07+00:00","mainEntityOfPage":{"@id":"https:\/\/kw-blogbd.fr\/index.php\/2018\/07\/31\/note05_affairebenalla\/"},"wordCount":127,"commentCount":0,"image":{"@id":"https:\/\/kw-blogbd.fr\/index.php\/2018\/07\/31\/note05_affairebenalla\/#primaryimage"},"thumbnailUrl":"https:\/\/kw-blogbd.fr\/wp-content\/uploads\/2018\/07\/Banni\u00e8re_PostNote5.jpg","keywords":["Affaire","Benalla","G\u00e9rard Collomb","M le Pr\u00e9sident","Macron","Tintin"],"articleSection":["Notes"],"inLanguage":"fr-FR","potentialAction":[{"@type":"CommentAction","name":"Comment","target":["https:\/\/kw-blogbd.fr\/index.php\/2018\/07\/31\/note05_affairebenalla\/#respond"]}]},{"@type":"WebPage","@id":"https:\/\/kw-blogbd.fr\/index.php\/2018\/07\/31\/note05_affairebenalla\/","url":"https:\/\/kw-blogbd.fr\/index.php\/2018\/07\/31\/note05_affairebenalla\/","name":"Note #05 - Affaire Benalla - Le blog BD de K.W","isPartOf":{"@id":"https:\/\/kw-blogbd.fr\/#website"},"primaryImageOfPage":{"@id":"https:\/\/kw-blogbd.fr\/index.php\/2018\/07\/31\/note05_affairebenalla\/#primaryimage"},"image":{"@id":"https:\/\/kw-blogbd.fr\/index.php\/2018\/07\/31\/note05_affairebenalla\/#primaryimage"},"thumbnailUrl":"https:\/\/kw-blogbd.fr\/wp-content\/uploads\/2018\/07\/Banni\u00e8re_PostNote5.jpg","datePublished":"2018-07-31T16:00:16+00:00","dateModified":"2020-04-28T20:30:07+00:00","author":{"@id":"https:\/\/kw-blogbd.fr\/#\/schema\/person\/21d5be08540037bdffb5898aee64f416"},"breadcrumb":{"@id":"https:\/\/kw-blogbd.fr\/index.php\/2018\/07\/31\/note05_affairebenalla\/#breadcrumb"},"inLanguage":"fr-FR","potentialAction":[{"@type":"ReadAction","target":["https:\/\/kw-blogbd.fr\/index.php\/2018\/07\/31\/note05_affairebenalla\/"]}]},{"@type":"ImageObject","inLanguage":"fr-FR","@id":"https:\/\/kw-blogbd.fr\/index.php\/2018\/07\/31\/note05_affairebenalla\/#primaryimage","url":"https:\/\/kw-blogbd.fr\/wp-content\/uploads\/2018\/07\/Banni\u00e8re_PostNote5.jpg","contentUrl":"https:\/\/kw-blogbd.fr\/wp-content\/uploads\/2018\/07\/Banni\u00e8re_PostNote5.jpg","width":1800,"height":1200},{"@type":"BreadcrumbList","@id":"https:\/\/kw-blogbd.fr\/index.php\/2018\/07\/31\/note05_affairebenalla\/#breadcrumb","itemListElement":[{"@type":"ListItem","position":1,"name":"Accueil","item":"https:\/\/kw-blogbd.fr\/"},{"@type":"ListItem","position":2,"name":"Note #05 &#8211; Affaire Benalla"}]},{"@type":"WebSite","@id":"https:\/\/kw-blogbd.fr\/#website","url":"https:\/\/kw-blogbd.fr\/","name":"Le blog BD de K.W","description":"On trouvera un slogan plus tard","potentialAction":[{"@type":"SearchAction","target":{"@type":"EntryPoint","urlTemplate":"https:\/\/kw-blogbd.fr\/?s={search_term_string}"},"query-input":{"@type":"PropertyValueSpecification","valueRequired":true,"valueName":"search_term_string"}}],"inLanguage":"fr-FR"},{"@type":"Person","@id":"https:\/\/kw-blogbd.fr\/#\/schema\/person\/21d5be08540037bdffb5898aee64f416","name":"K.W - Illustrateur","image":{"@type":"ImageObject","inLanguage":"fr-FR","@id":"https:\/\/secure.gravatar.com\/avatar\/497b1284bc493823f46eacf474d4e3cce526a1382229b869adb80d7ddea4d51f?s=96&d=mm&r=g","url":"https:\/\/secure.gravatar.com\/avatar\/497b1284bc493823f46eacf474d4e3cce526a1382229b869adb80d7ddea4d51f?s=96&d=mm&r=g","contentUrl":"https:\/\/secure.gravatar.com\/avatar\/497b1284bc493823f46eacf474d4e3cce526a1382229b869adb80d7ddea4d51f?s=96&d=mm&r=g","caption":"K.W - Illustrateur"},"url":"https:\/\/kw-blogbd.fr\/index.php\/author\/admin2682\/"}]}},"jetpack_publicize_connections":[],"jetpack_featured_media_url":"https:\/\/kw-blogbd.fr\/wp-content\/uploads\/2018\/07\/Banni\u00e8re_PostNote5.jpg","jetpack_sharing_enabled":true,"jetpack_shortlink":"https:\/\/wp.me\/p9JgFJ-6Y","_links":{"self":[{"href":"https:\/\/kw-blogbd.fr\/index.php\/wp-json\/wp\/v2\/posts\/432","targetHints":{"allow":["GET"]}}],"collection":[{"href":"https:\/\/kw-blogbd.fr\/index.php\/wp-json\/wp\/v2\/posts"}],"about":[{"href":"https:\/\/kw-blogbd.fr\/index.php\/wp-json\/wp\/v2\/types\/post"}],"author":[{"embeddable":true,"href":"https:\/\/kw-blogbd.fr\/index.php\/wp-json\/wp\/v2\/users\/1"}],"replies":[{"embeddable":true,"href":"https:\/\/kw-blogbd.fr\/index.php\/wp-json\/wp\/v2\/comments?post=432"}],"version-history":[{"count":9,"href":"https:\/\/kw-blogbd.fr\/index.php\/wp-json\/wp\/v2\/posts\/432\/revisions"}],"predecessor-version":[{"id":2081,"href":"https:\/\/kw-blogbd.fr\/index.php\/wp-json\/wp\/v2\/posts\/432\/revisions\/2081"}],"wp:featuredmedia":[{"embeddable":true,"href":"https:\/\/kw-blogbd.fr\/index.php\/wp-json\/wp\/v2\/media\/441"}],"wp:attachment":[{"href":"https:\/\/kw-blogbd.fr\/index.php\/wp-json\/wp\/v2\/media?parent=432"}],"wp:term":[{"taxonomy":"category","embeddable":true,"href":"https:\/\/kw-blogbd.fr\/index.php\/wp-json\/wp\/v2\/categories?post=432"},{"taxonomy":"post_tag","embeddable":true,"href":"https:\/\/kw-blogbd.fr\/index.php\/wp-json\/wp\/v2\/tags?post=432"}],"curies":[{"name":"wp","href":"https:\/\/api.w.org\/{rel}","templated":true}]}}